{"id":1307,"date":"2013-02-10T17:38:53","date_gmt":"2013-02-10T15:38:53","guid":{"rendered":"http:\/\/www.nicovanasdonck.nl\/pindasaus\/?p=1307"},"modified":"2019-07-25T22:35:11","modified_gmt":"2019-07-25T20:35:11","slug":"12-februari-culturele-dag-op-het-isk-in-utrecht","status":"publish","type":"post","link":"https:\/\/www.nicovanasdonck.nl\/index.php\/workshop\/12-februari-culturele-dag-op-het-isk-in-utrecht\/","title":{"rendered":"12 Februari. Culturele dag op het ISK in Utrecht"},"content":{"rendered":"<p><img loading=\"lazy\" decoding=\"async\" class=\"alignleft size-thumbnail wp-image-1420\" alt=\"ISK 2012\" src=\"http:\/\/www.nicovanasdonck.nl\/pindasaus\/wp-content\/uploads\/ISK-2012-150x150.jpg\" width=\"150\" height=\"150\" \/>Vorig jaar was ik voor het eerst op de culturele dag van de Internationale Schakelklassen in Utrecht.\u00a0 Er werden diverse workshops aangeboden. Zingen, acrobatiek, dans, het maken van heerlijke vegetarisch hapjes en &#8230;.. djemb\u00e9. Tijdens \u00e9\u00e9n van de sessies werden er ritmes uit de diverse geboortelanden van de deelnemers gespeeld en werd het uiteindelijk \u00e9\u00e9n poliritmisch arrangement !!!! Nadat alle workshops waren voltooid en het docententeam van de overheerlijke vegetarisch hapjes\u00a0 hadden genoten, waren er optredens van de workshops in de aula van de school. De djemb\u00e9-club kwam als laatste en nadat ze hadden laten zien en horen wat ze hadden geleerd volgde een groots applaus. Een applaus voor een heerlijke ochtend met dans, zang, mode, muziek en heerlijk eten.<\/p>\n<p>&nbsp;<\/p>\n","protected":false},"excerpt":{"rendered":"<p>Vorig jaar was ik voor het eerst op de culturele dag van de Internationale Schakelklassen in Utrecht.\u00a0 Er werden diverse workshops aangeboden. Zingen, acrobatiek, dans, het maken van heerlijke vegetarisch hapjes en &#8230;.. djemb\u00e9. Tijdens \u00e9\u00e9n van de sessies werden er ritmes uit de diverse geboortelanden van de deelnemers gespeeld en werd het uiteindelijk \u00e9\u00e9n &hellip; <\/p>\n<p class=\"link-more\"><a href=\"https:\/\/www.nicovanasdonck.nl\/index.php\/workshop\/12-februari-culturele-dag-op-het-isk-in-utrecht\/\" class=\"more-link\">Lees verder <span class=\"screen-reader-text\">&#8220;12 Februari. Culturele dag op het ISK in Utrecht&#8221;<\/span><\/a><\/p>\n","protected":false},"author":2,"featured_media":0,"comment_status":"open","ping_status":"open","sticky":false,"template":"","format":"standard","meta":{"footnotes":""},"categories":[13,4],"tags":[],"class_list":["post-1307","post","type-post","status-publish","format-standard","hentry","category-maatschappelijk","category-workshop"],"yoast_head":"<!-- This site is optimized with the Yoast SEO plugin v27.5 - https:\/\/yoast.com\/product\/yoast-seo-wordpress\/ -->\n<title>12 Februari. Culturele dag op het ISK in Utrecht &#8212; Nico van Asdonck<\/title>\n<meta name=\"robots\" content=\"index, follow, max-snippet:-1, max-image-preview:large, max-video-preview:-1\" \/>\n<link rel=\"canonical\" href=\"https:\/\/www.nicovanasdonck.nl\/index.php\/workshop\/12-februari-culturele-dag-op-het-isk-in-utrecht\/\" \/>\n<meta property=\"og:locale\" content=\"nl_NL\" \/>\n<meta property=\"og:type\" content=\"article\" \/>\n<meta property=\"og:title\" content=\"12 Februari. Culturele dag op het ISK in Utrecht &#8212; Nico van Asdonck\" \/>\n<meta property=\"og:description\" content=\"Vorig jaar was ik voor het eerst op de culturele dag van de Internationale Schakelklassen in Utrecht.\u00a0 Er werden diverse workshops aangeboden. Zingen, acrobatiek, dans, het maken van heerlijke vegetarisch hapjes en &#8230;.. djemb\u00e9. Tijdens \u00e9\u00e9n van de sessies werden er ritmes uit de diverse geboortelanden van de deelnemers gespeeld en werd het uiteindelijk \u00e9\u00e9n &hellip; Lees verder &quot;12 Februari. Culturele dag op het ISK in Utrecht&quot;\" \/>\n<meta property=\"og:url\" content=\"https:\/\/www.nicovanasdonck.nl\/index.php\/workshop\/12-februari-culturele-dag-op-het-isk-in-utrecht\/\" \/>\n<meta property=\"og:site_name\" content=\"Nico van Asdonck\" \/>\n<meta property=\"article:published_time\" content=\"2013-02-10T15:38:53+00:00\" \/>\n<meta property=\"article:modified_time\" content=\"2019-07-25T20:35:11+00:00\" \/>\n<meta property=\"og:image\" content=\"http:\/\/www.nicovanasdonck.nl\/pindasaus\/wp-content\/uploads\/ISK-2012-150x150.jpg\" \/>\n<meta name=\"author\" content=\"Nico\" \/>\n<meta name=\"twitter:label1\" content=\"Geschreven door\" \/>\n\t<meta name=\"twitter:data1\" content=\"Nico\" \/>\n\t<meta name=\"twitter:label2\" content=\"Geschatte leestijd\" \/>\n\t<meta name=\"twitter:data2\" content=\"1 minuut\" \/>\n<script type=\"application\/ld+json\" class=\"yoast-schema-graph\">{\"@context\":\"https:\\\/\\\/schema.org\",\"@graph\":[{\"@type\":\"Article\",\"@id\":\"https:\\\/\\\/www.nicovanasdonck.nl\\\/index.php\\\/workshop\\\/12-februari-culturele-dag-op-het-isk-in-utrecht\\\/#article\",\"isPartOf\":{\"@id\":\"https:\\\/\\\/www.nicovanasdonck.nl\\\/index.php\\\/workshop\\\/12-februari-culturele-dag-op-het-isk-in-utrecht\\\/\"},\"author\":{\"name\":\"Nico\",\"@id\":\"https:\\\/\\\/www.nicovanasdonck.nl\\\/#\\\/schema\\\/person\\\/0a1333f29befa50db0b059304e3fcca4\"},\"headline\":\"12 Februari. Culturele dag op het ISK in Utrecht\",\"datePublished\":\"2013-02-10T15:38:53+00:00\",\"dateModified\":\"2019-07-25T20:35:11+00:00\",\"mainEntityOfPage\":{\"@id\":\"https:\\\/\\\/www.nicovanasdonck.nl\\\/index.php\\\/workshop\\\/12-februari-culturele-dag-op-het-isk-in-utrecht\\\/\"},\"wordCount\":128,\"commentCount\":0,\"publisher\":{\"@id\":\"https:\\\/\\\/www.nicovanasdonck.nl\\\/#\\\/schema\\\/person\\\/9bc48c7e3d982d18c83eed5cfa990889\"},\"image\":{\"@id\":\"https:\\\/\\\/www.nicovanasdonck.nl\\\/index.php\\\/workshop\\\/12-februari-culturele-dag-op-het-isk-in-utrecht\\\/#primaryimage\"},\"thumbnailUrl\":\"http:\\\/\\\/www.nicovanasdonck.nl\\\/pindasaus\\\/wp-content\\\/uploads\\\/ISK-2012-150x150.jpg\",\"articleSection\":[\"Maatschappelijk\",\"Workshop\"],\"inLanguage\":\"nl-NL\",\"potentialAction\":[{\"@type\":\"CommentAction\",\"name\":\"Comment\",\"target\":[\"https:\\\/\\\/www.nicovanasdonck.nl\\\/index.php\\\/workshop\\\/12-februari-culturele-dag-op-het-isk-in-utrecht\\\/#respond\"]}]},{\"@type\":\"WebPage\",\"@id\":\"https:\\\/\\\/www.nicovanasdonck.nl\\\/index.php\\\/workshop\\\/12-februari-culturele-dag-op-het-isk-in-utrecht\\\/\",\"url\":\"https:\\\/\\\/www.nicovanasdonck.nl\\\/index.php\\\/workshop\\\/12-februari-culturele-dag-op-het-isk-in-utrecht\\\/\",\"name\":\"12 Februari. Culturele dag op het ISK in Utrecht &#8212; Nico van Asdonck\",\"isPartOf\":{\"@id\":\"https:\\\/\\\/www.nicovanasdonck.nl\\\/#website\"},\"primaryImageOfPage\":{\"@id\":\"https:\\\/\\\/www.nicovanasdonck.nl\\\/index.php\\\/workshop\\\/12-februari-culturele-dag-op-het-isk-in-utrecht\\\/#primaryimage\"},\"image\":{\"@id\":\"https:\\\/\\\/www.nicovanasdonck.nl\\\/index.php\\\/workshop\\\/12-februari-culturele-dag-op-het-isk-in-utrecht\\\/#primaryimage\"},\"thumbnailUrl\":\"http:\\\/\\\/www.nicovanasdonck.nl\\\/pindasaus\\\/wp-content\\\/uploads\\\/ISK-2012-150x150.jpg\",\"datePublished\":\"2013-02-10T15:38:53+00:00\",\"dateModified\":\"2019-07-25T20:35:11+00:00\",\"inLanguage\":\"nl-NL\",\"potentialAction\":[{\"@type\":\"ReadAction\",\"target\":[\"https:\\\/\\\/www.nicovanasdonck.nl\\\/index.php\\\/workshop\\\/12-februari-culturele-dag-op-het-isk-in-utrecht\\\/\"]}]},{\"@type\":\"ImageObject\",\"inLanguage\":\"nl-NL\",\"@id\":\"https:\\\/\\\/www.nicovanasdonck.nl\\\/index.php\\\/workshop\\\/12-februari-culturele-dag-op-het-isk-in-utrecht\\\/#primaryimage\",\"url\":\"http:\\\/\\\/www.nicovanasdonck.nl\\\/pindasaus\\\/wp-content\\\/uploads\\\/ISK-2012-150x150.jpg\",\"contentUrl\":\"http:\\\/\\\/www.nicovanasdonck.nl\\\/pindasaus\\\/wp-content\\\/uploads\\\/ISK-2012-150x150.jpg\"},{\"@type\":\"WebSite\",\"@id\":\"https:\\\/\\\/www.nicovanasdonck.nl\\\/#website\",\"url\":\"https:\\\/\\\/www.nicovanasdonck.nl\\\/\",\"name\":\"Nico van Asdonck\",\"description\":\"pinda-saus.nl\",\"publisher\":{\"@id\":\"https:\\\/\\\/www.nicovanasdonck.nl\\\/#\\\/schema\\\/person\\\/9bc48c7e3d982d18c83eed5cfa990889\"},\"potentialAction\":[{\"@type\":\"SearchAction\",\"target\":{\"@type\":\"EntryPoint\",\"urlTemplate\":\"https:\\\/\\\/www.nicovanasdonck.nl\\\/?s={search_term_string}\"},\"query-input\":{\"@type\":\"PropertyValueSpecification\",\"valueRequired\":true,\"valueName\":\"search_term_string\"}}],\"inLanguage\":\"nl-NL\"},{\"@type\":[\"Person\",\"Organization\"],\"@id\":\"https:\\\/\\\/www.nicovanasdonck.nl\\\/#\\\/schema\\\/person\\\/9bc48c7e3d982d18c83eed5cfa990889\",\"name\":\"Nico\",\"image\":{\"@type\":\"ImageObject\",\"inLanguage\":\"nl-NL\",\"@id\":\"https:\\\/\\\/secure.gravatar.com\\\/avatar\\\/1a76f92c496bc745c24f0538fecb2a1f681ad6ca16dd8c4d9ee0fbc1ae03e169?s=96&d=mm&r=g\",\"url\":\"https:\\\/\\\/secure.gravatar.com\\\/avatar\\\/1a76f92c496bc745c24f0538fecb2a1f681ad6ca16dd8c4d9ee0fbc1ae03e169?s=96&d=mm&r=g\",\"contentUrl\":\"https:\\\/\\\/secure.gravatar.com\\\/avatar\\\/1a76f92c496bc745c24f0538fecb2a1f681ad6ca16dd8c4d9ee0fbc1ae03e169?s=96&d=mm&r=g\",\"caption\":\"Nico\"},\"logo\":{\"@id\":\"https:\\\/\\\/secure.gravatar.com\\\/avatar\\\/1a76f92c496bc745c24f0538fecb2a1f681ad6ca16dd8c4d9ee0fbc1ae03e169?s=96&d=mm&r=g\"}},{\"@type\":\"Person\",\"@id\":\"https:\\\/\\\/www.nicovanasdonck.nl\\\/#\\\/schema\\\/person\\\/0a1333f29befa50db0b059304e3fcca4\",\"name\":\"Nico\",\"image\":{\"@type\":\"ImageObject\",\"inLanguage\":\"nl-NL\",\"@id\":\"https:\\\/\\\/secure.gravatar.com\\\/avatar\\\/52e24d900fe4e94f8a34d16dadbbc32050f45bb995bdd20758644edc7d0a8ee7?s=96&d=mm&r=g\",\"url\":\"https:\\\/\\\/secure.gravatar.com\\\/avatar\\\/52e24d900fe4e94f8a34d16dadbbc32050f45bb995bdd20758644edc7d0a8ee7?s=96&d=mm&r=g\",\"contentUrl\":\"https:\\\/\\\/secure.gravatar.com\\\/avatar\\\/52e24d900fe4e94f8a34d16dadbbc32050f45bb995bdd20758644edc7d0a8ee7?s=96&d=mm&r=g\",\"caption\":\"Nico\"},\"url\":\"https:\\\/\\\/www.nicovanasdonck.nl\\\/index.php\\\/author\\\/pindasaus\\\/\"}]}<\/script>\n<!-- \/ Yoast SEO plugin. -->","yoast_head_json":{"title":"12 Februari. Culturele dag op het ISK in Utrecht &#8212; Nico van Asdonck","robots":{"index":"index","follow":"follow","max-snippet":"max-snippet:-1","max-image-preview":"max-image-preview:large","max-video-preview":"max-video-preview:-1"},"canonical":"https:\/\/www.nicovanasdonck.nl\/index.php\/workshop\/12-februari-culturele-dag-op-het-isk-in-utrecht\/","og_locale":"nl_NL","og_type":"article","og_title":"12 Februari. Culturele dag op het ISK in Utrecht &#8212; Nico van Asdonck","og_description":"Vorig jaar was ik voor het eerst op de culturele dag van de Internationale Schakelklassen in Utrecht.\u00a0 Er werden diverse workshops aangeboden. Zingen, acrobatiek, dans, het maken van heerlijke vegetarisch hapjes en &#8230;.. djemb\u00e9. Tijdens \u00e9\u00e9n van de sessies werden er ritmes uit de diverse geboortelanden van de deelnemers gespeeld en werd het uiteindelijk \u00e9\u00e9n &hellip; Lees verder \"12 Februari. Culturele dag op het ISK in Utrecht\"","og_url":"https:\/\/www.nicovanasdonck.nl\/index.php\/workshop\/12-februari-culturele-dag-op-het-isk-in-utrecht\/","og_site_name":"Nico van Asdonck","article_published_time":"2013-02-10T15:38:53+00:00","article_modified_time":"2019-07-25T20:35:11+00:00","og_image":[{"url":"http:\/\/www.nicovanasdonck.nl\/pindasaus\/wp-content\/uploads\/ISK-2012-150x150.jpg","type":"","width":"","height":""}],"author":"Nico","twitter_misc":{"Geschreven door":"Nico","Geschatte leestijd":"1 minuut"},"schema":{"@context":"https:\/\/schema.org","@graph":[{"@type":"Article","@id":"https:\/\/www.nicovanasdonck.nl\/index.php\/workshop\/12-februari-culturele-dag-op-het-isk-in-utrecht\/#article","isPartOf":{"@id":"https:\/\/www.nicovanasdonck.nl\/index.php\/workshop\/12-februari-culturele-dag-op-het-isk-in-utrecht\/"},"author":{"name":"Nico","@id":"https:\/\/www.nicovanasdonck.nl\/#\/schema\/person\/0a1333f29befa50db0b059304e3fcca4"},"headline":"12 Februari. Culturele dag op het ISK in Utrecht","datePublished":"2013-02-10T15:38:53+00:00","dateModified":"2019-07-25T20:35:11+00:00","mainEntityOfPage":{"@id":"https:\/\/www.nicovanasdonck.nl\/index.php\/workshop\/12-februari-culturele-dag-op-het-isk-in-utrecht\/"},"wordCount":128,"commentCount":0,"publisher":{"@id":"https:\/\/www.nicovanasdonck.nl\/#\/schema\/person\/9bc48c7e3d982d18c83eed5cfa990889"},"image":{"@id":"https:\/\/www.nicovanasdonck.nl\/index.php\/workshop\/12-februari-culturele-dag-op-het-isk-in-utrecht\/#primaryimage"},"thumbnailUrl":"http:\/\/www.nicovanasdonck.nl\/pindasaus\/wp-content\/uploads\/ISK-2012-150x150.jpg","articleSection":["Maatschappelijk","Workshop"],"inLanguage":"nl-NL","potentialAction":[{"@type":"CommentAction","name":"Comment","target":["https:\/\/www.nicovanasdonck.nl\/index.php\/workshop\/12-februari-culturele-dag-op-het-isk-in-utrecht\/#respond"]}]},{"@type":"WebPage","@id":"https:\/\/www.nicovanasdonck.nl\/index.php\/workshop\/12-februari-culturele-dag-op-het-isk-in-utrecht\/","url":"https:\/\/www.nicovanasdonck.nl\/index.php\/workshop\/12-februari-culturele-dag-op-het-isk-in-utrecht\/","name":"12 Februari. Culturele dag op het ISK in Utrecht &#8212; Nico van Asdonck","isPartOf":{"@id":"https:\/\/www.nicovanasdonck.nl\/#website"},"primaryImageOfPage":{"@id":"https:\/\/www.nicovanasdonck.nl\/index.php\/workshop\/12-februari-culturele-dag-op-het-isk-in-utrecht\/#primaryimage"},"image":{"@id":"https:\/\/www.nicovanasdonck.nl\/index.php\/workshop\/12-februari-culturele-dag-op-het-isk-in-utrecht\/#primaryimage"},"thumbnailUrl":"http:\/\/www.nicovanasdonck.nl\/pindasaus\/wp-content\/uploads\/ISK-2012-150x150.jpg","datePublished":"2013-02-10T15:38:53+00:00","dateModified":"2019-07-25T20:35:11+00:00","inLanguage":"nl-NL","potentialAction":[{"@type":"ReadAction","target":["https:\/\/www.nicovanasdonck.nl\/index.php\/workshop\/12-februari-culturele-dag-op-het-isk-in-utrecht\/"]}]},{"@type":"ImageObject","inLanguage":"nl-NL","@id":"https:\/\/www.nicovanasdonck.nl\/index.php\/workshop\/12-februari-culturele-dag-op-het-isk-in-utrecht\/#primaryimage","url":"http:\/\/www.nicovanasdonck.nl\/pindasaus\/wp-content\/uploads\/ISK-2012-150x150.jpg","contentUrl":"http:\/\/www.nicovanasdonck.nl\/pindasaus\/wp-content\/uploads\/ISK-2012-150x150.jpg"},{"@type":"WebSite","@id":"https:\/\/www.nicovanasdonck.nl\/#website","url":"https:\/\/www.nicovanasdonck.nl\/","name":"Nico van Asdonck","description":"pinda-saus.nl","publisher":{"@id":"https:\/\/www.nicovanasdonck.nl\/#\/schema\/person\/9bc48c7e3d982d18c83eed5cfa990889"},"potentialAction":[{"@type":"SearchAction","target":{"@type":"EntryPoint","urlTemplate":"https:\/\/www.nicovanasdonck.nl\/?s={search_term_string}"},"query-input":{"@type":"PropertyValueSpecification","valueRequired":true,"valueName":"search_term_string"}}],"inLanguage":"nl-NL"},{"@type":["Person","Organization"],"@id":"https:\/\/www.nicovanasdonck.nl\/#\/schema\/person\/9bc48c7e3d982d18c83eed5cfa990889","name":"Nico","image":{"@type":"ImageObject","inLanguage":"nl-NL","@id":"https:\/\/secure.gravatar.com\/avatar\/1a76f92c496bc745c24f0538fecb2a1f681ad6ca16dd8c4d9ee0fbc1ae03e169?s=96&d=mm&r=g","url":"https:\/\/secure.gravatar.com\/avatar\/1a76f92c496bc745c24f0538fecb2a1f681ad6ca16dd8c4d9ee0fbc1ae03e169?s=96&d=mm&r=g","contentUrl":"https:\/\/secure.gravatar.com\/avatar\/1a76f92c496bc745c24f0538fecb2a1f681ad6ca16dd8c4d9ee0fbc1ae03e169?s=96&d=mm&r=g","caption":"Nico"},"logo":{"@id":"https:\/\/secure.gravatar.com\/avatar\/1a76f92c496bc745c24f0538fecb2a1f681ad6ca16dd8c4d9ee0fbc1ae03e169?s=96&d=mm&r=g"}},{"@type":"Person","@id":"https:\/\/www.nicovanasdonck.nl\/#\/schema\/person\/0a1333f29befa50db0b059304e3fcca4","name":"Nico","image":{"@type":"ImageObject","inLanguage":"nl-NL","@id":"https:\/\/secure.gravatar.com\/avatar\/52e24d900fe4e94f8a34d16dadbbc32050f45bb995bdd20758644edc7d0a8ee7?s=96&d=mm&r=g","url":"https:\/\/secure.gravatar.com\/avatar\/52e24d900fe4e94f8a34d16dadbbc32050f45bb995bdd20758644edc7d0a8ee7?s=96&d=mm&r=g","contentUrl":"https:\/\/secure.gravatar.com\/avatar\/52e24d900fe4e94f8a34d16dadbbc32050f45bb995bdd20758644edc7d0a8ee7?s=96&d=mm&r=g","caption":"Nico"},"url":"https:\/\/www.nicovanasdonck.nl\/index.php\/author\/pindasaus\/"}]}},"_links":{"self":[{"href":"https:\/\/www.nicovanasdonck.nl\/index.php\/wp-json\/wp\/v2\/posts\/1307","targetHints":{"allow":["GET"]}}],"collection":[{"href":"https:\/\/www.nicovanasdonck.nl\/index.php\/wp-json\/wp\/v2\/posts"}],"about":[{"href":"https:\/\/www.nicovanasdonck.nl\/index.php\/wp-json\/wp\/v2\/types\/post"}],"author":[{"embeddable":true,"href":"https:\/\/www.nicovanasdonck.nl\/index.php\/wp-json\/wp\/v2\/users\/2"}],"replies":[{"embeddable":true,"href":"https:\/\/www.nicovanasdonck.nl\/index.php\/wp-json\/wp\/v2\/comments?post=1307"}],"version-history":[{"count":1,"href":"https:\/\/www.nicovanasdonck.nl\/index.php\/wp-json\/wp\/v2\/posts\/1307\/revisions"}],"predecessor-version":[{"id":4796,"href":"https:\/\/www.nicovanasdonck.nl\/index.php\/wp-json\/wp\/v2\/posts\/1307\/revisions\/4796"}],"wp:attachment":[{"href":"https:\/\/www.nicovanasdonck.nl\/index.php\/wp-json\/wp\/v2\/media?parent=1307"}],"wp:term":[{"taxonomy":"category","embeddable":true,"href":"https:\/\/www.nicovanasdonck.nl\/index.php\/wp-json\/wp\/v2\/categories?post=1307"},{"taxonomy":"post_tag","embeddable":true,"href":"https:\/\/www.nicovanasdonck.nl\/index.php\/wp-json\/wp\/v2\/tags?post=1307"}],"curies":[{"name":"wp","href":"https:\/\/api.w.org\/{rel}","templated":true}]}}